{"id":117,"date":"2018-12-20T17:46:24","date_gmt":"2018-12-20T17:46:24","guid":{"rendered":"http:\/\/foror.uniri.hr\/?p=117"},"modified":"2019-03-31T17:51:37","modified_gmt":"2019-03-31T17:51:37","slug":"stratesko-planiranje-fuzine-2018","status":"publish","type":"post","link":"https:\/\/foror.uniri.hr\/?p=117","title":{"rendered":"Strate\u0161ko planiranje &#8211; Fu\u017eine 2018."},"content":{"rendered":"<p>\u010clanovi istra\u017eiva\u010dkog tima sudjelovali su na sastanku strate\u0161kog planiranja 18. i 19.12. u Fu\u017einama.<\/p>\n<p>Na sastanku se radilo na razvoju konceptualnog okvira projekta, planiranju daljnjih aktivnosti s najve\u0107im naglaskom na drugu godinu projekta i osmi\u0161ljavanju scenarija za obrazovanje za odr\u017eivi razvoj 2030.<\/p>\n<p><a href=\"http:\/\/foror.uniri.hr\/wp-content\/uploads\/2019\/03\/SP1.jpg\"><img loading=\"lazy\" class=\"alignnone size-full wp-image-118\" src=\"http:\/\/foror.uniri.hr\/wp-content\/uploads\/2019\/03\/SP1.jpg\" alt=\"\" width=\"960\" height=\"720\" srcset=\"https:\/\/foror.uniri.hr\/wp-content\/uploads\/2019\/03\/SP1.jpg 960w, https:\/\/foror.uniri.hr\/wp-content\/uploads\/2019\/03\/SP1-300x225.jpg 300w, https:\/\/foror.uniri.hr\/wp-content\/uploads\/2019\/03\/SP1-768x576.jpg 768w\" sizes=\"(max-width: 767px) 89vw, (max-width: 1000px) 54vw, (max-width: 1071px) 543px, 580px\" \/><\/a> <a href=\"http:\/\/foror.uniri.hr\/wp-content\/uploads\/2019\/03\/SP2.jpg\"><img loading=\"lazy\" class=\"alignnone size-full wp-image-119\" src=\"http:\/\/foror.uniri.hr\/wp-content\/uploads\/2019\/03\/SP2.jpg\" alt=\"\" width=\"960\" height=\"720\" srcset=\"https:\/\/foror.uniri.hr\/wp-content\/uploads\/2019\/03\/SP2.jpg 960w, https:\/\/foror.uniri.hr\/wp-content\/uploads\/2019\/03\/SP2-300x225.jpg 300w, https:\/\/foror.uniri.hr\/wp-content\/uploads\/2019\/03\/SP2-768x576.jpg 768w\" sizes=\"(max-width: 767px) 89vw, (max-width: 1000px) 54vw, (max-width: 1071px) 543px, 580px\" \/><\/a> <a href=\"http:\/\/foror.uniri.hr\/wp-content\/uploads\/2019\/03\/SP3.jpg\"><img loading=\"lazy\" class=\"alignnone size-full wp-image-120\" src=\"http:\/\/foror.uniri.hr\/wp-content\/uploads\/2019\/03\/SP3.jpg\" alt=\"\" width=\"960\" height=\"720\" srcset=\"https:\/\/foror.uniri.hr\/wp-content\/uploads\/2019\/03\/SP3.jpg 960w, https:\/\/foror.uniri.hr\/wp-content\/uploads\/2019\/03\/SP3-300x225.jpg 300w, https:\/\/foror.uniri.hr\/wp-content\/uploads\/2019\/03\/SP3-768x576.jpg 768w\" sizes=\"(max-width: 767px) 89vw, (max-width: 1000px) 54vw, (max-width: 1071px) 543px, 580px\" \/><\/a> <a href=\"http:\/\/foror.uniri.hr\/wp-content\/uploads\/2019\/03\/SP4.jpg\"><img loading=\"lazy\" class=\"alignnone size-full wp-image-121\" src=\"http:\/\/foror.uniri.hr\/wp-content\/uploads\/2019\/03\/SP4.jpg\" alt=\"\" width=\"960\" height=\"720\" srcset=\"https:\/\/foror.uniri.hr\/wp-content\/uploads\/2019\/03\/SP4.jpg 960w, https:\/\/foror.uniri.hr\/wp-content\/uploads\/2019\/03\/SP4-300x225.jpg 300w, https:\/\/foror.uniri.hr\/wp-content\/uploads\/2019\/03\/SP4-768x576.jpg 768w\" sizes=\"(max-width: 767px) 89vw, (max-width: 1000px) 54vw, (max-width: 1071px) 543px, 580px\" \/><\/a> <a href=\"http:\/\/foror.uniri.hr\/wp-content\/uploads\/2019\/03\/SP6.jpg\"><img loading=\"lazy\" class=\"alignnone size-full wp-image-122\" src=\"http:\/\/foror.uniri.hr\/wp-content\/uploads\/2019\/03\/SP6.jpg\" alt=\"\" width=\"960\" height=\"720\" srcset=\"https:\/\/foror.uniri.hr\/wp-content\/uploads\/2019\/03\/SP6.jpg 960w, https:\/\/foror.uniri.hr\/wp-content\/uploads\/2019\/03\/SP6-300x225.jpg 300w, https:\/\/foror.uniri.hr\/wp-content\/uploads\/2019\/03\/SP6-768x576.jpg 768w\" sizes=\"(max-width: 767px) 89vw, (max-width: 1000px) 54vw, (max-width: 1071px) 543px, 580px\" \/><\/a> <a href=\"http:\/\/foror.uniri.hr\/wp-content\/uploads\/2019\/03\/SP8.jpg\"><img loading=\"lazy\" class=\"alignnone size-full wp-image-123\" src=\"http:\/\/foror.uniri.hr\/wp-content\/uploads\/2019\/03\/SP8.jpg\" alt=\"\" width=\"960\" height=\"538\" srcset=\"https:\/\/foror.uniri.hr\/wp-content\/uploads\/2019\/03\/SP8.jpg 960w, https:\/\/foror.uniri.hr\/wp-content\/uploads\/2019\/03\/SP8-300x168.jpg 300w, https:\/\/foror.uniri.hr\/wp-content\/uploads\/2019\/03\/SP8-768x430.jpg 768w\" sizes=\"(max-width: 767px) 89vw, (max-width: 1000px) 54vw, (max-width: 1071px) 543px, 580px\" \/><\/a><\/p>\n","protected":false},"excerpt":{"rendered":"<p>\u010clanovi istra\u017eiva\u010dkog tima sudjelovali su na sastanku strate\u0161kog planiranja 18. i 19.12. u Fu\u017einama. Na sastanku se radilo na razvoju konceptualnog okvira projekta, planiranju daljnjih aktivnosti s najve\u0107im naglaskom na drugu godinu projekta i osmi\u0161ljavanju scenarija za obrazovanje za odr\u017eivi razvoj 2030.<\/p>\n","protected":false},"author":2,"featured_media":0,"comment_status":"closed","ping_status":"closed","sticky":false,"template":"","format":"standard","meta":[],"categories":[1],"tags":[],"_links":{"self":[{"href":"https:\/\/foror.uniri.hr\/index.php?rest_route=\/wp\/v2\/posts\/117"}],"collection":[{"href":"https:\/\/foror.uniri.hr\/index.php?rest_route=\/wp\/v2\/posts"}],"about":[{"href":"https:\/\/foror.uniri.hr\/index.php?rest_route=\/wp\/v2\/types\/post"}],"author":[{"embeddable":true,"href":"https:\/\/foror.uniri.hr\/index.php?rest_route=\/wp\/v2\/users\/2"}],"replies":[{"embeddable":true,"href":"https:\/\/foror.uniri.hr\/index.php?rest_route=%2Fwp%2Fv2%2Fcomments&post=117"}],"version-history":[{"count":1,"href":"https:\/\/foror.uniri.hr\/index.php?rest_route=\/wp\/v2\/posts\/117\/revisions"}],"predecessor-version":[{"id":124,"href":"https:\/\/foror.uniri.hr\/index.php?rest_route=\/wp\/v2\/posts\/117\/revisions\/124"}],"wp:attachment":[{"href":"https:\/\/foror.uniri.hr\/index.php?rest_route=%2Fwp%2Fv2%2Fmedia&parent=117"}],"wp:term":[{"taxonomy":"category","embeddable":true,"href":"https:\/\/foror.uniri.hr\/index.php?rest_route=%2Fwp%2Fv2%2Fcategories&post=117"},{"taxonomy":"post_tag","embeddable":true,"href":"https:\/\/foror.uniri.hr\/index.php?rest_route=%2Fwp%2Fv2%2Ftags&post=117"}],"curies":[{"name":"wp","href":"https:\/\/api.w.org\/{rel}","templated":true}]}}