{"id":165,"date":"2019-04-16T10:35:26","date_gmt":"2019-04-16T10:35:26","guid":{"rendered":"http:\/\/foror.uniri.hr\/?p=165"},"modified":"2019-04-18T10:47:50","modified_gmt":"2019-04-18T10:47:50","slug":"otkrivajuci-svijet-skolskog-volontiranja","status":"publish","type":"post","link":"https:\/\/foror.uniri.hr\/?p=165","title":{"rendered":"Otkrivaju\u0107i svijet \u0161kolskog volontiranja"},"content":{"rendered":"<p>Danas je odr\u017eana konferencija &#8220;Otkrivaju\u0107i svijet \u0161kolskog volontiranja&#8221; u organizaciji Udruge Delta, Udruge za razvoj civilnog dru\u0161tva SMART, Prve hrvatske rije\u010dke gimnazije te Osnovne \u0161kole Ve\u017eica.<\/p>\n<p>\u010clanica projektnog tima Bojana \u0106ulum Ili\u0107 moderirala je panel raspravu u kojem su sudjelovale u\u010denice O\u0160 Malinska-Duba\u0161nica, Sanda Su\u0161anj iz Odjela za odgoj i \u0161kolstvo Grada Rijeke, Vije\u0107e mladih Ben\u010di\u0107 &#8211; Ben\u010di\u0107 Youth Council te koordinatorica volontera O\u0160 Omi\u0161alj.<\/p>\n<p>U medijima &#8211; <a href=\"http:\/\/novilist.hr\/Vijesti\/Rijeka\/VOLLUMEN-Sirenje-mreze-skolskog-volontiranja\">Novi list<\/a>\u00a0, <a href=\"http:\/\/www.fiuman.hr\/odrzana-konferencija-za-osnovne-skole-s-podrucja-primorsko-goranske-zupanije-otkrivajuci-svijet-skolskog-volontiranja\/?fbclid=IwAR1OMDshWB9DAuGuFwORIZhXMo3xC52ujJ1QW5FH4KHWApcszKR1oQ5vqoM\">Fiuman<\/a><\/p>\n<p><a href=\"http:\/\/foror.uniri.hr\/wp-content\/uploads\/2019\/04\/Moderator1.jpg\"><img loading=\"lazy\" class=\"alignnone size-full wp-image-168\" src=\"http:\/\/foror.uniri.hr\/wp-content\/uploads\/2019\/04\/Moderator1.jpg\" alt=\"\" width=\"960\" height=\"720\" srcset=\"https:\/\/foror.uniri.hr\/wp-content\/uploads\/2019\/04\/Moderator1.jpg 960w, https:\/\/foror.uniri.hr\/wp-content\/uploads\/2019\/04\/Moderator1-300x225.jpg 300w, https:\/\/foror.uniri.hr\/wp-content\/uploads\/2019\/04\/Moderator1-768x576.jpg 768w\" sizes=\"(max-width: 767px) 89vw, (max-width: 1000px) 54vw, (max-width: 1071px) 543px, 580px\" \/><\/a> <a href=\"http:\/\/foror.uniri.hr\/wp-content\/uploads\/2019\/04\/Moderator2.jpg\"><img loading=\"lazy\" class=\"alignnone size-full wp-image-169\" src=\"http:\/\/foror.uniri.hr\/wp-content\/uploads\/2019\/04\/Moderator2.jpg\" alt=\"\" width=\"960\" height=\"720\" srcset=\"https:\/\/foror.uniri.hr\/wp-content\/uploads\/2019\/04\/Moderator2.jpg 960w, https:\/\/foror.uniri.hr\/wp-content\/uploads\/2019\/04\/Moderator2-300x225.jpg 300w, https:\/\/foror.uniri.hr\/wp-content\/uploads\/2019\/04\/Moderator2-768x576.jpg 768w\" sizes=\"(max-width: 767px) 89vw, (max-width: 1000px) 54vw, (max-width: 1071px) 543px, 580px\" \/><\/a><\/p>\n<p><a href=\"http:\/\/foror.uniri.hr\/wp-content\/uploads\/2019\/04\/Moderator3.jpg\"><img loading=\"lazy\" class=\"alignnone size-full wp-image-172\" src=\"http:\/\/foror.uniri.hr\/wp-content\/uploads\/2019\/04\/Moderator3.jpg\" alt=\"\" width=\"518\" height=\"240\" srcset=\"https:\/\/foror.uniri.hr\/wp-content\/uploads\/2019\/04\/Moderator3.jpg 518w, https:\/\/foror.uniri.hr\/wp-content\/uploads\/2019\/04\/Moderator3-300x139.jpg 300w\" sizes=\"(max-width: 518px) 100vw, 518px\" \/><\/a><\/p>\n","protected":false},"excerpt":{"rendered":"<p>Danas je odr\u017eana konferencija &#8220;Otkrivaju\u0107i svijet \u0161kolskog volontiranja&#8221; u organizaciji Udruge Delta, Udruge za razvoj civilnog dru\u0161tva SMART, Prve hrvatske rije\u010dke gimnazije te Osnovne \u0161kole Ve\u017eica. \u010clanica projektnog tima Bojana \u0106ulum Ili\u0107 moderirala je panel raspravu u kojem su sudjelovale u\u010denice O\u0160 Malinska-Duba\u0161nica, Sanda Su\u0161anj iz Odjela za odgoj i \u0161kolstvo Grada Rijeke, Vije\u0107e mladih &hellip; <\/p>\n<p class=\"link-more\"><a href=\"https:\/\/foror.uniri.hr\/?p=165\" class=\"more-link\">Nastavi \u010ditati<span class=\"screen-reader-text\"> &#8220;Otkrivaju\u0107i svijet \u0161kolskog volontiranja&#8221;<\/span><\/a><\/p>\n","protected":false},"author":2,"featured_media":0,"comment_status":"closed","ping_status":"closed","sticky":false,"template":"","format":"standard","meta":[],"categories":[1],"tags":[],"_links":{"self":[{"href":"https:\/\/foror.uniri.hr\/index.php?rest_route=\/wp\/v2\/posts\/165"}],"collection":[{"href":"https:\/\/foror.uniri.hr\/index.php?rest_route=\/wp\/v2\/posts"}],"about":[{"href":"https:\/\/foror.uniri.hr\/index.php?rest_route=\/wp\/v2\/types\/post"}],"author":[{"embeddable":true,"href":"https:\/\/foror.uniri.hr\/index.php?rest_route=\/wp\/v2\/users\/2"}],"replies":[{"embeddable":true,"href":"https:\/\/foror.uniri.hr\/index.php?rest_route=%2Fwp%2Fv2%2Fcomments&post=165"}],"version-history":[{"count":6,"href":"https:\/\/foror.uniri.hr\/index.php?rest_route=\/wp\/v2\/posts\/165\/revisions"}],"predecessor-version":[{"id":174,"href":"https:\/\/foror.uniri.hr\/index.php?rest_route=\/wp\/v2\/posts\/165\/revisions\/174"}],"wp:attachment":[{"href":"https:\/\/foror.uniri.hr\/index.php?rest_route=%2Fwp%2Fv2%2Fmedia&parent=165"}],"wp:term":[{"taxonomy":"category","embeddable":true,"href":"https:\/\/foror.uniri.hr\/index.php?rest_route=%2Fwp%2Fv2%2Fcategories&post=165"},{"taxonomy":"post_tag","embeddable":true,"href":"https:\/\/foror.uniri.hr\/index.php?rest_route=%2Fwp%2Fv2%2Ftags&post=165"}],"curies":[{"name":"wp","href":"https:\/\/api.w.org\/{rel}","templated":true}]}}