{"id":194,"date":"2019-07-13T19:06:41","date_gmt":"2019-07-13T19:06:41","guid":{"rendered":"http:\/\/foror.uniri.hr\/?p=194"},"modified":"2019-09-09T19:14:05","modified_gmt":"2019-09-09T19:14:05","slug":"european-educational-research-summer-school-2019","status":"publish","type":"post","link":"https:\/\/foror.uniri.hr\/?p=194","title":{"rendered":"European Educational Research Summer School 2019"},"content":{"rendered":"<p>\u010clanice forOR projektnog tima Nena Vukeli\u0107 i Nadja \u010cekolj sudjelovale su na \u201eEuropean Educational Research Summer School \u2013 Quantitative and Mixed Methods Research Designs: From designing to publishing\u201c odr\u017eanoj u Brnu (\u010ce\u0161ka) od 8.7. do 12.7.2019.<\/p>\n<p>Program je uklju\u010divao mno\u0161tvo predavanja i radionica te izlaganja nacrta doktorskih radova svih sudionika ljetne \u0161kole.<\/p>\n<p><a href=\"http:\/\/foror.uniri.hr\/wp-content\/uploads\/2019\/09\/Summer-school-1.jpg\"><img loading=\"lazy\" class=\"alignnone size-full wp-image-195\" src=\"http:\/\/foror.uniri.hr\/wp-content\/uploads\/2019\/09\/Summer-school-1.jpg\" alt=\"\" width=\"960\" height=\"622\" srcset=\"https:\/\/foror.uniri.hr\/wp-content\/uploads\/2019\/09\/Summer-school-1.jpg 960w, https:\/\/foror.uniri.hr\/wp-content\/uploads\/2019\/09\/Summer-school-1-300x194.jpg 300w, https:\/\/foror.uniri.hr\/wp-content\/uploads\/2019\/09\/Summer-school-1-768x498.jpg 768w\" sizes=\"(max-width: 767px) 89vw, (max-width: 1000px) 54vw, (max-width: 1071px) 543px, 580px\" \/><\/a><\/p>\n<p><a href=\"http:\/\/foror.uniri.hr\/wp-content\/uploads\/2019\/09\/Summer-school-2.jpg\"><img loading=\"lazy\" class=\"alignnone size-full wp-image-196\" src=\"http:\/\/foror.uniri.hr\/wp-content\/uploads\/2019\/09\/Summer-school-2.jpg\" alt=\"\" width=\"960\" height=\"720\" srcset=\"https:\/\/foror.uniri.hr\/wp-content\/uploads\/2019\/09\/Summer-school-2.jpg 960w, https:\/\/foror.uniri.hr\/wp-content\/uploads\/2019\/09\/Summer-school-2-300x225.jpg 300w, https:\/\/foror.uniri.hr\/wp-content\/uploads\/2019\/09\/Summer-school-2-768x576.jpg 768w\" sizes=\"(max-width: 767px) 89vw, (max-width: 1000px) 54vw, (max-width: 1071px) 543px, 580px\" \/><\/a><\/p>\n","protected":false},"excerpt":{"rendered":"<p>\u010clanice forOR projektnog tima Nena Vukeli\u0107 i Nadja \u010cekolj sudjelovale su na \u201eEuropean Educational Research Summer School \u2013 Quantitative and Mixed Methods Research Designs: From designing to publishing\u201c odr\u017eanoj u Brnu (\u010ce\u0161ka) od 8.7. do 12.7.2019. Program je uklju\u010divao mno\u0161tvo predavanja i radionica te izlaganja nacrta doktorskih radova svih sudionika ljetne \u0161kole.<\/p>\n","protected":false},"author":2,"featured_media":0,"comment_status":"closed","ping_status":"closed","sticky":false,"template":"","format":"standard","meta":[],"categories":[1],"tags":[],"_links":{"self":[{"href":"https:\/\/foror.uniri.hr\/index.php?rest_route=\/wp\/v2\/posts\/194"}],"collection":[{"href":"https:\/\/foror.uniri.hr\/index.php?rest_route=\/wp\/v2\/posts"}],"about":[{"href":"https:\/\/foror.uniri.hr\/index.php?rest_route=\/wp\/v2\/types\/post"}],"author":[{"embeddable":true,"href":"https:\/\/foror.uniri.hr\/index.php?rest_route=\/wp\/v2\/users\/2"}],"replies":[{"embeddable":true,"href":"https:\/\/foror.uniri.hr\/index.php?rest_route=%2Fwp%2Fv2%2Fcomments&post=194"}],"version-history":[{"count":3,"href":"https:\/\/foror.uniri.hr\/index.php?rest_route=\/wp\/v2\/posts\/194\/revisions"}],"predecessor-version":[{"id":200,"href":"https:\/\/foror.uniri.hr\/index.php?rest_route=\/wp\/v2\/posts\/194\/revisions\/200"}],"wp:attachment":[{"href":"https:\/\/foror.uniri.hr\/index.php?rest_route=%2Fwp%2Fv2%2Fmedia&parent=194"}],"wp:term":[{"taxonomy":"category","embeddable":true,"href":"https:\/\/foror.uniri.hr\/index.php?rest_route=%2Fwp%2Fv2%2Fcategories&post=194"},{"taxonomy":"post_tag","embeddable":true,"href":"https:\/\/foror.uniri.hr\/index.php?rest_route=%2Fwp%2Fv2%2Ftags&post=194"}],"curies":[{"name":"wp","href":"https:\/\/api.w.org\/{rel}","templated":true}]}}