{"id":205,"date":"2019-06-27T19:17:29","date_gmt":"2019-06-27T19:17:29","guid":{"rendered":"http:\/\/foror.uniri.hr\/?p=205"},"modified":"2019-09-09T19:29:41","modified_gmt":"2019-09-09T19:29:41","slug":"205","status":"publish","type":"post","link":"https:\/\/foror.uniri.hr\/?p=205","title":{"rendered":"Me\u0111unarodna znanstveno-stru\u010dna konferencija \u201eUnapre\u0111enje kvalitete \u017eivota djece i mladih\u201c 2019"},"content":{"rendered":"<p>\u010clan projektnog tima Sini\u0161a Ku\u0161i\u0107 sudjelovao je na X. Me\u0111unarodnoj znanstveno-stru\u010dnoj konferenciji \u201e<a href=\"http:\/\/erf.untz.ba\/web\/x-medunarodna-naucno-strucna-konferencija-unapredenje-kvalitete-zivota-djece-i-mladih-istanbul\/?fbclid=IwAR2ZDEOpZUHNAqxw3gqR4FR02H2ivCP_OStdO8OQc2HzBLZKG3V3pprF_qw\">Unapre\u0111enje kvalitete \u017eivota djece i mladih<\/a>\u201c koja se odr\u017eala u Istanbulu od 21. do 23. lipnja 2019. Prezentirao je rad pod naslovom &#8220;\u0160kolski volonterski programi u funkciji unapre\u0111enja kvalitete \u017eivota mladih&#8221;, nastao u ko-autorstvu s Nadjom \u010cekolj i Bojanom \u0106ulum Ili\u0107.<\/p>\n<p><a href=\"http:\/\/foror.uniri.hr\/wp-content\/uploads\/2019\/09\/Sike-.jpg\"><img loading=\"lazy\" class=\"alignnone size-full wp-image-206\" src=\"http:\/\/foror.uniri.hr\/wp-content\/uploads\/2019\/09\/Sike-.jpg\" alt=\"\" width=\"240\" height=\"320\" srcset=\"https:\/\/foror.uniri.hr\/wp-content\/uploads\/2019\/09\/Sike-.jpg 240w, https:\/\/foror.uniri.hr\/wp-content\/uploads\/2019\/09\/Sike--225x300.jpg 225w\" sizes=\"(max-width: 240px) 100vw, 240px\" \/><\/a><\/p>\n","protected":false},"excerpt":{"rendered":"<p>\u010clan projektnog tima Sini\u0161a Ku\u0161i\u0107 sudjelovao je na X. Me\u0111unarodnoj znanstveno-stru\u010dnoj konferenciji \u201eUnapre\u0111enje kvalitete \u017eivota djece i mladih\u201c koja se odr\u017eala u Istanbulu od 21. do 23. lipnja 2019. Prezentirao je rad pod naslovom &#8220;\u0160kolski volonterski programi u funkciji unapre\u0111enja kvalitete \u017eivota mladih&#8221;, nastao u ko-autorstvu s Nadjom \u010cekolj i Bojanom \u0106ulum Ili\u0107.<\/p>\n","protected":false},"author":2,"featured_media":0,"comment_status":"closed","ping_status":"closed","sticky":false,"template":"","format":"standard","meta":[],"categories":[1],"tags":[],"_links":{"self":[{"href":"https:\/\/foror.uniri.hr\/index.php?rest_route=\/wp\/v2\/posts\/205"}],"collection":[{"href":"https:\/\/foror.uniri.hr\/index.php?rest_route=\/wp\/v2\/posts"}],"about":[{"href":"https:\/\/foror.uniri.hr\/index.php?rest_route=\/wp\/v2\/types\/post"}],"author":[{"embeddable":true,"href":"https:\/\/foror.uniri.hr\/index.php?rest_route=\/wp\/v2\/users\/2"}],"replies":[{"embeddable":true,"href":"https:\/\/foror.uniri.hr\/index.php?rest_route=%2Fwp%2Fv2%2Fcomments&post=205"}],"version-history":[{"count":3,"href":"https:\/\/foror.uniri.hr\/index.php?rest_route=\/wp\/v2\/posts\/205\/revisions"}],"predecessor-version":[{"id":209,"href":"https:\/\/foror.uniri.hr\/index.php?rest_route=\/wp\/v2\/posts\/205\/revisions\/209"}],"wp:attachment":[{"href":"https:\/\/foror.uniri.hr\/index.php?rest_route=%2Fwp%2Fv2%2Fmedia&parent=205"}],"wp:term":[{"taxonomy":"category","embeddable":true,"href":"https:\/\/foror.uniri.hr\/index.php?rest_route=%2Fwp%2Fv2%2Fcategories&post=205"},{"taxonomy":"post_tag","embeddable":true,"href":"https:\/\/foror.uniri.hr\/index.php?rest_route=%2Fwp%2Fv2%2Ftags&post=205"}],"curies":[{"name":"wp","href":"https:\/\/api.w.org\/{rel}","templated":true}]}}