{"id":213,"date":"2019-06-22T19:40:17","date_gmt":"2019-06-22T19:40:17","guid":{"rendered":"http:\/\/foror.uniri.hr\/?p=213"},"modified":"2019-09-09T19:43:27","modified_gmt":"2019-09-09T19:43:27","slug":"studijski-posjet-maynooth-i-belfast","status":"publish","type":"post","link":"https:\/\/foror.uniri.hr\/?p=213","title":{"rendered":"Studijski posjet &#8211; Maynooth i Belfast"},"content":{"rendered":"<p>\u010clanica projektnog tima Nadja \u010cekolj sudjelovala na studijskom posjetu sveu\u010dili\u0161tima u Maynoothu (Maynooth University) i Belfastu (Ulster University) od 18. do 21. lipnja 2019. Navedena su sveu\u010dili\u0161ta nositelji programa obrazovanje radnika s mladima (youth worker). Studijski posjet bio je fokusiran na va\u017enost interkulturalnih kompetencija u radu s mladima kao i na va\u017enost profesionalizacije rada s mladima.<\/p>\n<p><a href=\"http:\/\/foror.uniri.hr\/wp-content\/uploads\/2019\/09\/study-visit-1.jpg\"><img loading=\"lazy\" class=\"alignnone size-full wp-image-214\" src=\"http:\/\/foror.uniri.hr\/wp-content\/uploads\/2019\/09\/study-visit-1.jpg\" alt=\"\" width=\"960\" height=\"640\" srcset=\"https:\/\/foror.uniri.hr\/wp-content\/uploads\/2019\/09\/study-visit-1.jpg 960w, https:\/\/foror.uniri.hr\/wp-content\/uploads\/2019\/09\/study-visit-1-300x200.jpg 300w, https:\/\/foror.uniri.hr\/wp-content\/uploads\/2019\/09\/study-visit-1-768x512.jpg 768w\" sizes=\"(max-width: 767px) 89vw, (max-width: 1000px) 54vw, (max-width: 1071px) 543px, 580px\" \/><\/a><\/p>\n<p><a href=\"http:\/\/foror.uniri.hr\/wp-content\/uploads\/2019\/09\/Study-visit-2.jpg\"><img loading=\"lazy\" class=\"alignnone size-full wp-image-215\" src=\"http:\/\/foror.uniri.hr\/wp-content\/uploads\/2019\/09\/Study-visit-2.jpg\" alt=\"\" width=\"960\" height=\"640\" srcset=\"https:\/\/foror.uniri.hr\/wp-content\/uploads\/2019\/09\/Study-visit-2.jpg 960w, https:\/\/foror.uniri.hr\/wp-content\/uploads\/2019\/09\/Study-visit-2-300x200.jpg 300w, https:\/\/foror.uniri.hr\/wp-content\/uploads\/2019\/09\/Study-visit-2-768x512.jpg 768w\" sizes=\"(max-width: 767px) 89vw, (max-width: 1000px) 54vw, (max-width: 1071px) 543px, 580px\" \/><\/a><\/p>\n<p><a href=\"http:\/\/foror.uniri.hr\/wp-content\/uploads\/2019\/09\/Study-visit-3.jpg\"><img loading=\"lazy\" class=\"alignnone size-full wp-image-216\" src=\"http:\/\/foror.uniri.hr\/wp-content\/uploads\/2019\/09\/Study-visit-3.jpg\" alt=\"\" width=\"960\" height=\"640\" srcset=\"https:\/\/foror.uniri.hr\/wp-content\/uploads\/2019\/09\/Study-visit-3.jpg 960w, https:\/\/foror.uniri.hr\/wp-content\/uploads\/2019\/09\/Study-visit-3-300x200.jpg 300w, https:\/\/foror.uniri.hr\/wp-content\/uploads\/2019\/09\/Study-visit-3-768x512.jpg 768w\" sizes=\"(max-width: 767px) 89vw, (max-width: 1000px) 54vw, (max-width: 1071px) 543px, 580px\" \/><\/a><\/p>\n","protected":false},"excerpt":{"rendered":"<p>\u010clanica projektnog tima Nadja \u010cekolj sudjelovala na studijskom posjetu sveu\u010dili\u0161tima u Maynoothu (Maynooth University) i Belfastu (Ulster University) od 18. do 21. lipnja 2019. Navedena su sveu\u010dili\u0161ta nositelji programa obrazovanje radnika s mladima (youth worker). Studijski posjet bio je fokusiran na va\u017enost interkulturalnih kompetencija u radu s mladima kao i na va\u017enost profesionalizacije rada s &hellip; <\/p>\n<p class=\"link-more\"><a href=\"https:\/\/foror.uniri.hr\/?p=213\" class=\"more-link\">Nastavi \u010ditati<span class=\"screen-reader-text\"> &#8220;Studijski posjet &#8211; Maynooth i Belfast&#8221;<\/span><\/a><\/p>\n","protected":false},"author":2,"featured_media":0,"comment_status":"closed","ping_status":"closed","sticky":false,"template":"","format":"standard","meta":[],"categories":[1],"tags":[],"_links":{"self":[{"href":"https:\/\/foror.uniri.hr\/index.php?rest_route=\/wp\/v2\/posts\/213"}],"collection":[{"href":"https:\/\/foror.uniri.hr\/index.php?rest_route=\/wp\/v2\/posts"}],"about":[{"href":"https:\/\/foror.uniri.hr\/index.php?rest_route=\/wp\/v2\/types\/post"}],"author":[{"embeddable":true,"href":"https:\/\/foror.uniri.hr\/index.php?rest_route=\/wp\/v2\/users\/2"}],"replies":[{"embeddable":true,"href":"https:\/\/foror.uniri.hr\/index.php?rest_route=%2Fwp%2Fv2%2Fcomments&post=213"}],"version-history":[{"count":1,"href":"https:\/\/foror.uniri.hr\/index.php?rest_route=\/wp\/v2\/posts\/213\/revisions"}],"predecessor-version":[{"id":217,"href":"https:\/\/foror.uniri.hr\/index.php?rest_route=\/wp\/v2\/posts\/213\/revisions\/217"}],"wp:attachment":[{"href":"https:\/\/foror.uniri.hr\/index.php?rest_route=%2Fwp%2Fv2%2Fmedia&parent=213"}],"wp:term":[{"taxonomy":"category","embeddable":true,"href":"https:\/\/foror.uniri.hr\/index.php?rest_route=%2Fwp%2Fv2%2Fcategories&post=213"},{"taxonomy":"post_tag","embeddable":true,"href":"https:\/\/foror.uniri.hr\/index.php?rest_route=%2Fwp%2Fv2%2Ftags&post=213"}],"curies":[{"name":"wp","href":"https:\/\/api.w.org\/{rel}","templated":true}]}}