{"id":233,"date":"2019-05-24T19:07:43","date_gmt":"2019-05-24T19:07:43","guid":{"rendered":"http:\/\/foror.uniri.hr\/?p=233"},"modified":"2019-09-10T19:08:53","modified_gmt":"2019-09-10T19:08:53","slug":"volontiranje-to-go","status":"publish","type":"post","link":"https:\/\/foror.uniri.hr\/?p=233","title":{"rendered":"Volontiranje To Go"},"content":{"rendered":"<p>Bojana \u0106ulum Ili\u0107 sudjelovala je na zavr\u0161noj konferenciji projekta Volotiranje To Go, 22. svibnja u Pore\u010du. Organizatori konferencije su Centar za gra\u0111anske inicijative Pore\u010d, Turisti\u010dko ugostiteljska \u0161kola Antona \u0160tifani\u0107a Pore\u010d, Volonterski centar Istra te Dru\u0161tvo na\u0161a djeca Pore\u010d.<\/p>\n<p><a href=\"http:\/\/foror.uniri.hr\/wp-content\/uploads\/2019\/09\/VTG.jpg\"><img loading=\"lazy\" class=\"alignnone size-full wp-image-234\" src=\"http:\/\/foror.uniri.hr\/wp-content\/uploads\/2019\/09\/VTG.jpg\" alt=\"\" width=\"960\" height=\"720\" srcset=\"https:\/\/foror.uniri.hr\/wp-content\/uploads\/2019\/09\/VTG.jpg 960w, https:\/\/foror.uniri.hr\/wp-content\/uploads\/2019\/09\/VTG-300x225.jpg 300w, https:\/\/foror.uniri.hr\/wp-content\/uploads\/2019\/09\/VTG-768x576.jpg 768w\" sizes=\"(max-width: 767px) 89vw, (max-width: 1000px) 54vw, (max-width: 1071px) 543px, 580px\" \/><\/a><\/p>\n","protected":false},"excerpt":{"rendered":"<p>Bojana \u0106ulum Ili\u0107 sudjelovala je na zavr\u0161noj konferenciji projekta Volotiranje To Go, 22. svibnja u Pore\u010du. Organizatori konferencije su Centar za gra\u0111anske inicijative Pore\u010d, Turisti\u010dko ugostiteljska \u0161kola Antona \u0160tifani\u0107a Pore\u010d, Volonterski centar Istra te Dru\u0161tvo na\u0161a djeca Pore\u010d.<\/p>\n","protected":false},"author":2,"featured_media":0,"comment_status":"closed","ping_status":"closed","sticky":false,"template":"","format":"standard","meta":[],"categories":[1],"tags":[],"_links":{"self":[{"href":"https:\/\/foror.uniri.hr\/index.php?rest_route=\/wp\/v2\/posts\/233"}],"collection":[{"href":"https:\/\/foror.uniri.hr\/index.php?rest_route=\/wp\/v2\/posts"}],"about":[{"href":"https:\/\/foror.uniri.hr\/index.php?rest_route=\/wp\/v2\/types\/post"}],"author":[{"embeddable":true,"href":"https:\/\/foror.uniri.hr\/index.php?rest_route=\/wp\/v2\/users\/2"}],"replies":[{"embeddable":true,"href":"https:\/\/foror.uniri.hr\/index.php?rest_route=%2Fwp%2Fv2%2Fcomments&post=233"}],"version-history":[{"count":1,"href":"https:\/\/foror.uniri.hr\/index.php?rest_route=\/wp\/v2\/posts\/233\/revisions"}],"predecessor-version":[{"id":235,"href":"https:\/\/foror.uniri.hr\/index.php?rest_route=\/wp\/v2\/posts\/233\/revisions\/235"}],"wp:attachment":[{"href":"https:\/\/foror.uniri.hr\/index.php?rest_route=%2Fwp%2Fv2%2Fmedia&parent=233"}],"wp:term":[{"taxonomy":"category","embeddable":true,"href":"https:\/\/foror.uniri.hr\/index.php?rest_route=%2Fwp%2Fv2%2Fcategories&post=233"},{"taxonomy":"post_tag","embeddable":true,"href":"https:\/\/foror.uniri.hr\/index.php?rest_route=%2Fwp%2Fv2%2Ftags&post=233"}],"curies":[{"name":"wp","href":"https:\/\/api.w.org\/{rel}","templated":true}]}}