{"id":255,"date":"2019-10-18T16:16:55","date_gmt":"2019-10-18T16:16:55","guid":{"rendered":"http:\/\/foror.uniri.hr\/?p=255"},"modified":"2019-10-18T16:19:25","modified_gmt":"2019-10-18T16:19:25","slug":"24-medunarodna-znanstvena-konferencija-pedagoska-istrazivanja-i-skolska-praksa","status":"publish","type":"post","link":"https:\/\/foror.uniri.hr\/?p=255","title":{"rendered":"24. Me\u0111unarodna znanstvena konferencija \u201ePedago\u0161ka istra\u017eivanja i \u0161kolska praksa\u201c"},"content":{"rendered":"<p>\u010clanice projektnog tima Nadja \u010cekolj i Nena Vukeli\u0107 sudjelovale su na\u00a024. Me\u0111unarodnoj znanstvenoj konferenciji \u201e<a href=\"https:\/\/en.ipisr.org.rs\/skupovi\/naucni-skupovi\/231-2019-role-of-education-in-modernization-of-society\">Pedago\u0161ka istra\u017eivanja i \u0161kolska praksa\u201c Obrazovanje u funkciji modernizacije dru\u0161tva<\/a> odr\u017eanoj 11.10.2019. na U\u010diteljskom fakultetu u Beogradu (Srbija).<\/p>\n<p>Autorice su prezentirale rad pod naslovom &#8220;Obrazovanje za odr\u017eivi razvoj u studijskim programima u\u010diteljskih studija u Hrvatskoj&#8221; nastao u ko-autorstvu sa Zlatkom Gregorovi\u0107 Belai\u0107.<\/p>\n<p><a href=\"http:\/\/foror.uniri.hr\/wp-content\/uploads\/2019\/10\/BG1.jpg\"><img loading=\"lazy\" class=\"alignnone size-full wp-image-256\" src=\"http:\/\/foror.uniri.hr\/wp-content\/uploads\/2019\/10\/BG1.jpg\" alt=\"\" width=\"960\" height=\"720\" srcset=\"https:\/\/foror.uniri.hr\/wp-content\/uploads\/2019\/10\/BG1.jpg 960w, https:\/\/foror.uniri.hr\/wp-content\/uploads\/2019\/10\/BG1-300x225.jpg 300w, https:\/\/foror.uniri.hr\/wp-content\/uploads\/2019\/10\/BG1-768x576.jpg 768w\" sizes=\"(max-width: 767px) 89vw, (max-width: 1000px) 54vw, (max-width: 1071px) 543px, 580px\" \/><\/a><a href=\"http:\/\/foror.uniri.hr\/wp-content\/uploads\/2019\/10\/BG2.jpg\"><img loading=\"lazy\" class=\"alignnone size-full wp-image-257\" src=\"http:\/\/foror.uniri.hr\/wp-content\/uploads\/2019\/10\/BG2.jpg\" alt=\"\" width=\"960\" height=\"720\" srcset=\"https:\/\/foror.uniri.hr\/wp-content\/uploads\/2019\/10\/BG2.jpg 960w, https:\/\/foror.uniri.hr\/wp-content\/uploads\/2019\/10\/BG2-300x225.jpg 300w, https:\/\/foror.uniri.hr\/wp-content\/uploads\/2019\/10\/BG2-768x576.jpg 768w\" sizes=\"(max-width: 767px) 89vw, (max-width: 1000px) 54vw, (max-width: 1071px) 543px, 580px\" \/><\/a><\/p>\n","protected":false},"excerpt":{"rendered":"<p>\u010clanice projektnog tima Nadja \u010cekolj i Nena Vukeli\u0107 sudjelovale su na\u00a024. Me\u0111unarodnoj znanstvenoj konferenciji \u201ePedago\u0161ka istra\u017eivanja i \u0161kolska praksa\u201c Obrazovanje u funkciji modernizacije dru\u0161tva odr\u017eanoj 11.10.2019. na U\u010diteljskom fakultetu u Beogradu (Srbija). Autorice su prezentirale rad pod naslovom &#8220;Obrazovanje za odr\u017eivi razvoj u studijskim programima u\u010diteljskih studija u Hrvatskoj&#8221; nastao u ko-autorstvu sa Zlatkom Gregorovi\u0107 &hellip; <\/p>\n<p class=\"link-more\"><a href=\"https:\/\/foror.uniri.hr\/?p=255\" class=\"more-link\">Nastavi \u010ditati<span class=\"screen-reader-text\"> &#8220;24. Me\u0111unarodna znanstvena konferencija \u201ePedago\u0161ka istra\u017eivanja i \u0161kolska praksa\u201c&#8221;<\/span><\/a><\/p>\n","protected":false},"author":2,"featured_media":0,"comment_status":"closed","ping_status":"closed","sticky":false,"template":"","format":"standard","meta":[],"categories":[1],"tags":[],"_links":{"self":[{"href":"https:\/\/foror.uniri.hr\/index.php?rest_route=\/wp\/v2\/posts\/255"}],"collection":[{"href":"https:\/\/foror.uniri.hr\/index.php?rest_route=\/wp\/v2\/posts"}],"about":[{"href":"https:\/\/foror.uniri.hr\/index.php?rest_route=\/wp\/v2\/types\/post"}],"author":[{"embeddable":true,"href":"https:\/\/foror.uniri.hr\/index.php?rest_route=\/wp\/v2\/users\/2"}],"replies":[{"embeddable":true,"href":"https:\/\/foror.uniri.hr\/index.php?rest_route=%2Fwp%2Fv2%2Fcomments&post=255"}],"version-history":[{"count":2,"href":"https:\/\/foror.uniri.hr\/index.php?rest_route=\/wp\/v2\/posts\/255\/revisions"}],"predecessor-version":[{"id":259,"href":"https:\/\/foror.uniri.hr\/index.php?rest_route=\/wp\/v2\/posts\/255\/revisions\/259"}],"wp:attachment":[{"href":"https:\/\/foror.uniri.hr\/index.php?rest_route=%2Fwp%2Fv2%2Fmedia&parent=255"}],"wp:term":[{"taxonomy":"category","embeddable":true,"href":"https:\/\/foror.uniri.hr\/index.php?rest_route=%2Fwp%2Fv2%2Fcategories&post=255"},{"taxonomy":"post_tag","embeddable":true,"href":"https:\/\/foror.uniri.hr\/index.php?rest_route=%2Fwp%2Fv2%2Ftags&post=255"}],"curies":[{"name":"wp","href":"https:\/\/api.w.org\/{rel}","templated":true}]}}