{"id":332,"date":"2021-05-13T19:42:28","date_gmt":"2021-05-13T19:42:28","guid":{"rendered":"http:\/\/foror.uniri.hr\/?p=332"},"modified":"2021-05-13T19:43:17","modified_gmt":"2021-05-13T19:43:17","slug":"validacija-mjernih-instrumenata-u-podrucju-odgoja-i-obrazovanja-za-odrzivi-razvoj","status":"publish","type":"post","link":"https:\/\/foror.uniri.hr\/?p=332","title":{"rendered":"Validacija mjernih instrumenata u podru\u010dju odgoja i obrazovanja za odr\u017eivi razvoj"},"content":{"rendered":"\n<p>\u010clanica projektnog tima, Nena Ron\u010devi\u0107, autorica je izvornog znanstvenog rada pod naslovom \u201cValidacija mjernih instrumenata u podru\u010dju odgoja i obrazovanja za odr\u017eivi razvoj\u201d. Rad je objavljen u koautorstvu s Darkom Lon\u010dari\u0107em u zborniku radova Odsjeka za pedagogiju Filozofskog fakulteta Sveu\u010dili\u0161ta u Rijeci \u201cU mre\u017ei paradigmi: Pogled prema horizontu istra\u017eivanja u odgoju i obrazovanju \u2013 Zbornik u \u010dast dr.sc. Branku Rafajcu, profesoru emeritusu\u201d.<\/p>\n\n\n\n<p>\u010clanak je dostupan u otvorenom pristupu na poveznici:\u00a0<a href=\"http:\/\/izdavastvo.ffri.hr\/wp-content\/uploads\/2021\/04\/Zbornik-U-mrezi-paradigmi-E-BOOK.pdf#page=116\">http:\/\/izdavastvo.ffri.hr\/wp-content\/uploads\/2021\/04\/Zbornik-U-mrezi-paradigmi-E-BOOK.pdf#page=116<\/a><\/p>\n","protected":false},"excerpt":{"rendered":"<p>\u010clanica projektnog tima, Nena Ron\u010devi\u0107, autorica je izvornog znanstvenog rada pod naslovom \u201cValidacija mjernih instrumenata u podru\u010dju odgoja i obrazovanja za odr\u017eivi razvoj\u201d. Rad je objavljen u koautorstvu s Darkom Lon\u010dari\u0107em u zborniku radova Odsjeka za pedagogiju Filozofskog fakulteta Sveu\u010dili\u0161ta u Rijeci \u201cU mre\u017ei paradigmi: Pogled prema horizontu istra\u017eivanja u odgoju i obrazovanju \u2013 Zbornik &hellip; <\/p>\n<p class=\"link-more\"><a href=\"https:\/\/foror.uniri.hr\/?p=332\" class=\"more-link\">Nastavi \u010ditati<span class=\"screen-reader-text\"> &#8220;Validacija mjernih instrumenata u podru\u010dju odgoja i obrazovanja za odr\u017eivi razvoj&#8221;<\/span><\/a><\/p>\n","protected":false},"author":2,"featured_media":0,"comment_status":"closed","ping_status":"closed","sticky":false,"template":"","format":"standard","meta":[],"categories":[1],"tags":[],"_links":{"self":[{"href":"https:\/\/foror.uniri.hr\/index.php?rest_route=\/wp\/v2\/posts\/332"}],"collection":[{"href":"https:\/\/foror.uniri.hr\/index.php?rest_route=\/wp\/v2\/posts"}],"about":[{"href":"https:\/\/foror.uniri.hr\/index.php?rest_route=\/wp\/v2\/types\/post"}],"author":[{"embeddable":true,"href":"https:\/\/foror.uniri.hr\/index.php?rest_route=\/wp\/v2\/users\/2"}],"replies":[{"embeddable":true,"href":"https:\/\/foror.uniri.hr\/index.php?rest_route=%2Fwp%2Fv2%2Fcomments&post=332"}],"version-history":[{"count":2,"href":"https:\/\/foror.uniri.hr\/index.php?rest_route=\/wp\/v2\/posts\/332\/revisions"}],"predecessor-version":[{"id":334,"href":"https:\/\/foror.uniri.hr\/index.php?rest_route=\/wp\/v2\/posts\/332\/revisions\/334"}],"wp:attachment":[{"href":"https:\/\/foror.uniri.hr\/index.php?rest_route=%2Fwp%2Fv2%2Fmedia&parent=332"}],"wp:term":[{"taxonomy":"category","embeddable":true,"href":"https:\/\/foror.uniri.hr\/index.php?rest_route=%2Fwp%2Fv2%2Fcategories&post=332"},{"taxonomy":"post_tag","embeddable":true,"href":"https:\/\/foror.uniri.hr\/index.php?rest_route=%2Fwp%2Fv2%2Ftags&post=332"}],"curies":[{"name":"wp","href":"https:\/\/api.w.org\/{rel}","templated":true}]}}