{"id":355,"date":"2021-03-17T12:01:33","date_gmt":"2021-03-17T12:01:33","guid":{"rendered":"http:\/\/foror.uniri.hr\/?p=355"},"modified":"2021-06-13T12:04:12","modified_gmt":"2021-06-13T12:04:12","slug":"pedagoska-istrazivanja-i-skolska-praksa","status":"publish","type":"post","link":"https:\/\/foror.uniri.hr\/?p=355","title":{"rendered":"Pedago\u0161ka istra\u017eivanja i \u0161kolska praksa"},"content":{"rendered":"\n<p>\u010clanice projektnog tima, Nadja \u010cekolj, Bojana \u0106ulum Ili\u0107 i Marija Brajdi\u0107 Vukovi\u0107, sudjelovale su na 26. znanstvenoj me\u0111unarodnoj konferenciji \u201e<a href=\"https:\/\/www.ipisr.org.rs\/skupovi\/naucni-skupovi\/283-kvalitativna-istrazivanja-kroz-discipline-i-kontekste-osmisljavanje-slicnosti-i-razlika#lat\" target=\"_blank\" rel=\"noreferrer noopener\">Pedago\u0161ka istra\u017eivanja i \u0161kolska praksa \u2013 Kvalitativna istra\u017eivanja kroz discipline i kontekste: osmi\u0161ljavanje sli\u010dnosti i razlika<\/a>\u201c. Konferencija se odr\u017eala 12. i 13. o\u017eujka na Zoom platformi, na kojoj je predstavljen rad \u201e\u0160kolski volonterski programi i gra\u0111anstvo odr\u017eivosti \u2013 studija slu\u010daja inovativne platforme\u201c.<\/p>\n\n\n\n<p>Konferenciju su organizirali Institut za pedago\u0161ka istra\u017eivanja iz Beograda i Institut za psihologiju Filozofskog fakulteta u Beogradu.<\/p>\n","protected":false},"excerpt":{"rendered":"<p>\u010clanice projektnog tima, Nadja \u010cekolj, Bojana \u0106ulum Ili\u0107 i Marija Brajdi\u0107 Vukovi\u0107, sudjelovale su na 26. znanstvenoj me\u0111unarodnoj konferenciji \u201ePedago\u0161ka istra\u017eivanja i \u0161kolska praksa \u2013 Kvalitativna istra\u017eivanja kroz discipline i kontekste: osmi\u0161ljavanje sli\u010dnosti i razlika\u201c. Konferencija se odr\u017eala 12. i 13. o\u017eujka na Zoom platformi, na kojoj je predstavljen rad \u201e\u0160kolski volonterski programi i gra\u0111anstvo &hellip; <\/p>\n<p class=\"link-more\"><a href=\"https:\/\/foror.uniri.hr\/?p=355\" class=\"more-link\">Nastavi \u010ditati<span class=\"screen-reader-text\"> &#8220;Pedago\u0161ka istra\u017eivanja i \u0161kolska praksa&#8221;<\/span><\/a><\/p>\n","protected":false},"author":2,"featured_media":0,"comment_status":"closed","ping_status":"closed","sticky":false,"template":"","format":"standard","meta":[],"categories":[1],"tags":[],"_links":{"self":[{"href":"https:\/\/foror.uniri.hr\/index.php?rest_route=\/wp\/v2\/posts\/355"}],"collection":[{"href":"https:\/\/foror.uniri.hr\/index.php?rest_route=\/wp\/v2\/posts"}],"about":[{"href":"https:\/\/foror.uniri.hr\/index.php?rest_route=\/wp\/v2\/types\/post"}],"author":[{"embeddable":true,"href":"https:\/\/foror.uniri.hr\/index.php?rest_route=\/wp\/v2\/users\/2"}],"replies":[{"embeddable":true,"href":"https:\/\/foror.uniri.hr\/index.php?rest_route=%2Fwp%2Fv2%2Fcomments&post=355"}],"version-history":[{"count":1,"href":"https:\/\/foror.uniri.hr\/index.php?rest_route=\/wp\/v2\/posts\/355\/revisions"}],"predecessor-version":[{"id":356,"href":"https:\/\/foror.uniri.hr\/index.php?rest_route=\/wp\/v2\/posts\/355\/revisions\/356"}],"wp:attachment":[{"href":"https:\/\/foror.uniri.hr\/index.php?rest_route=%2Fwp%2Fv2%2Fmedia&parent=355"}],"wp:term":[{"taxonomy":"category","embeddable":true,"href":"https:\/\/foror.uniri.hr\/index.php?rest_route=%2Fwp%2Fv2%2Fcategories&post=355"},{"taxonomy":"post_tag","embeddable":true,"href":"https:\/\/foror.uniri.hr\/index.php?rest_route=%2Fwp%2Fv2%2Ftags&post=355"}],"curies":[{"name":"wp","href":"https:\/\/api.w.org\/{rel}","templated":true}]}}