{"id":39,"date":"2018-10-07T18:48:52","date_gmt":"2018-10-07T18:48:52","guid":{"rendered":"http:\/\/foror.uniri.hr\/?p=39"},"modified":"2019-03-31T17:43:42","modified_gmt":"2019-03-31T17:43:42","slug":"39","status":"publish","type":"post","link":"https:\/\/foror.uniri.hr\/?p=39","title":{"rendered":"2. Me\u0111unarodna znanstveno-stru\u010dna konferencija &#8220;Ka novim iskoracima u odgoju i obrazovanju&#8221;"},"content":{"rendered":"<p>\u010clanovi projektnog tima Sini\u0161a Ku\u0161i\u0107, Nadja \u010cekolj i Nena Vukeli\u0107 sudjelovali su na 2. Me\u0111unarodnoj znanstveno-stru\u010dnoj konferenciji &#8220;<a href=\"http:\/\/www.spic.ff.unsa.ba\/\">Ka novim iskoracima u odgoju i obrazovanju<\/a>&#8221; u Sarajevu, koja se odr\u017eala 5. i 6. listopada 2018. godine.<\/p>\n<p>Nadja \u010cekolj predstavila je rad pod nazivom &#8220;Dekonstrukcija mo\u0107i (nacionalne) obrazovne politike na primjeru gra\u0111anskog odgoja i obrazovanja&#8221; pisan u koautorstvu s izv. prof. dr. sc. Bojanom \u0106ulum i doc. dr. sc. Sini\u0161om Ku\u0161i\u0107em. Nena Vukeli\u0107 predstavila je rad pod nazivom &#8220;Jesu li budu\u0107i nastavnici spremni za odr\u017eivi razvoj u nastavi? &#8220;pisan zajedno s izv. prof. dr. sc. Nenom Ron\u010devi\u0107 i Anamarijom Vinkovi\u0107.<\/p>\n<p>Cjeloviti radovi objavljeni su u <a href=\"http:\/\/ff-eizdavastvo.ba\/Books\/SerialPubl\/ped\/Zbornik-radova-2018.pdf\">Zborniku radova s 2. me\u0111unarodne znanstveno-stru\u010dne konferencije.\u00a0<\/a><\/p>\n<p><a href=\"http:\/\/foror.uniri.hr\/wp-content\/uploads\/2018\/10\/Nadja-Sarajevo.jpg\"><img loading=\"lazy\" class=\"alignnone size-full wp-image-109\" src=\"http:\/\/foror.uniri.hr\/wp-content\/uploads\/2018\/10\/Nadja-Sarajevo.jpg\" alt=\"\" width=\"960\" height=\"720\" srcset=\"https:\/\/foror.uniri.hr\/wp-content\/uploads\/2018\/10\/Nadja-Sarajevo.jpg 960w, https:\/\/foror.uniri.hr\/wp-content\/uploads\/2018\/10\/Nadja-Sarajevo-300x225.jpg 300w, https:\/\/foror.uniri.hr\/wp-content\/uploads\/2018\/10\/Nadja-Sarajevo-768x576.jpg 768w\" sizes=\"(max-width: 767px) 89vw, (max-width: 1000px) 54vw, (max-width: 1071px) 543px, 580px\" \/><\/a> <a href=\"http:\/\/foror.uniri.hr\/wp-content\/uploads\/2018\/10\/Nena-Sarajevo.jpg\"><img loading=\"lazy\" class=\"alignnone size-full wp-image-110\" src=\"http:\/\/foror.uniri.hr\/wp-content\/uploads\/2018\/10\/Nena-Sarajevo.jpg\" alt=\"\" width=\"960\" height=\"720\" srcset=\"https:\/\/foror.uniri.hr\/wp-content\/uploads\/2018\/10\/Nena-Sarajevo.jpg 960w, https:\/\/foror.uniri.hr\/wp-content\/uploads\/2018\/10\/Nena-Sarajevo-300x225.jpg 300w, https:\/\/foror.uniri.hr\/wp-content\/uploads\/2018\/10\/Nena-Sarajevo-768x576.jpg 768w\" sizes=\"(max-width: 767px) 89vw, (max-width: 1000px) 54vw, (max-width: 1071px) 543px, 580px\" \/><\/a><\/p>\n","protected":false},"excerpt":{"rendered":"<p>\u010clanovi projektnog tima Sini\u0161a Ku\u0161i\u0107, Nadja \u010cekolj i Nena Vukeli\u0107 sudjelovali su na 2. Me\u0111unarodnoj znanstveno-stru\u010dnoj konferenciji &#8220;Ka novim iskoracima u odgoju i obrazovanju&#8221; u Sarajevu, koja se odr\u017eala 5. i 6. listopada 2018. godine. Nadja \u010cekolj predstavila je rad pod nazivom &#8220;Dekonstrukcija mo\u0107i (nacionalne) obrazovne politike na primjeru gra\u0111anskog odgoja i obrazovanja&#8221; pisan u &hellip; <\/p>\n<p class=\"link-more\"><a href=\"https:\/\/foror.uniri.hr\/?p=39\" class=\"more-link\">Nastavi \u010ditati<span class=\"screen-reader-text\"> &#8220;2. Me\u0111unarodna znanstveno-stru\u010dna konferencija &#8220;Ka novim iskoracima u odgoju i obrazovanju&#8221;&#8221;<\/span><\/a><\/p>\n","protected":false},"author":2,"featured_media":0,"comment_status":"closed","ping_status":"closed","sticky":false,"template":"","format":"standard","meta":[],"categories":[1],"tags":[],"_links":{"self":[{"href":"https:\/\/foror.uniri.hr\/index.php?rest_route=\/wp\/v2\/posts\/39"}],"collection":[{"href":"https:\/\/foror.uniri.hr\/index.php?rest_route=\/wp\/v2\/posts"}],"about":[{"href":"https:\/\/foror.uniri.hr\/index.php?rest_route=\/wp\/v2\/types\/post"}],"author":[{"embeddable":true,"href":"https:\/\/foror.uniri.hr\/index.php?rest_route=\/wp\/v2\/users\/2"}],"replies":[{"embeddable":true,"href":"https:\/\/foror.uniri.hr\/index.php?rest_route=%2Fwp%2Fv2%2Fcomments&post=39"}],"version-history":[{"count":4,"href":"https:\/\/foror.uniri.hr\/index.php?rest_route=\/wp\/v2\/posts\/39\/revisions"}],"predecessor-version":[{"id":111,"href":"https:\/\/foror.uniri.hr\/index.php?rest_route=\/wp\/v2\/posts\/39\/revisions\/111"}],"wp:attachment":[{"href":"https:\/\/foror.uniri.hr\/index.php?rest_route=%2Fwp%2Fv2%2Fmedia&parent=39"}],"wp:term":[{"taxonomy":"category","embeddable":true,"href":"https:\/\/foror.uniri.hr\/index.php?rest_route=%2Fwp%2Fv2%2Fcategories&post=39"},{"taxonomy":"post_tag","embeddable":true,"href":"https:\/\/foror.uniri.hr\/index.php?rest_route=%2Fwp%2Fv2%2Ftags&post=39"}],"curies":[{"name":"wp","href":"https:\/\/api.w.org\/{rel}","templated":true}]}}