{"id":42,"date":"2018-11-05T18:55:33","date_gmt":"2018-11-05T18:55:33","guid":{"rendered":"http:\/\/foror.uniri.hr\/?p=42"},"modified":"2019-03-31T17:40:58","modified_gmt":"2019-03-31T17:40:58","slug":"4-dani-obrazovnih-znanosti-zagreb","status":"publish","type":"post","link":"https:\/\/foror.uniri.hr\/?p=42","title":{"rendered":"4. Dani obrazovnih znanosti Zagreb"},"content":{"rendered":"<p>\u010clanica projektnog tima Nena Vukeli\u0107 sudjelovala je na znanstvenoj konferenciji 4. Dani obrazovnih znanosti &#8220;<a href=\"http:\/\/www.idi.hr\/doz2018\/\">Odgojno-obrazovni sustav: ograni\u010davaju\u0107e i\/ili poticajno okru\u017eenje<\/a>&#8221; koja se odr\u017eavala 25. i 26. listopada u Zagrebu. Nena Vukeli\u0107 prezentirala je rad nastao u koautorstvu s izv.prof.dr.sc. Nenom Ron\u010devi\u0107 i Elenom Cvitkovi\u0107 pod nazivom\u00a0&#8220;Odr\u017eiva pona\u0161anja budu\u0107ih u\u010ditelja i nastavnika&#8221;.<\/p>\n<p><a href=\"http:\/\/foror.uniri.hr\/wp-content\/uploads\/2018\/11\/DOZ-Nena-1.jpg\"><img loading=\"lazy\" class=\"alignnone size-full wp-image-105\" src=\"http:\/\/foror.uniri.hr\/wp-content\/uploads\/2018\/11\/DOZ-Nena-1.jpg\" alt=\"\" width=\"880\" height=\"602\" srcset=\"https:\/\/foror.uniri.hr\/wp-content\/uploads\/2018\/11\/DOZ-Nena-1.jpg 880w, https:\/\/foror.uniri.hr\/wp-content\/uploads\/2018\/11\/DOZ-Nena-1-300x205.jpg 300w, https:\/\/foror.uniri.hr\/wp-content\/uploads\/2018\/11\/DOZ-Nena-1-768x525.jpg 768w\" sizes=\"(max-width: 767px) 89vw, (max-width: 1000px) 54vw, (max-width: 1071px) 543px, 580px\" \/><\/a><\/p>\n","protected":false},"excerpt":{"rendered":"<p>\u010clanica projektnog tima Nena Vukeli\u0107 sudjelovala je na znanstvenoj konferenciji 4. Dani obrazovnih znanosti &#8220;Odgojno-obrazovni sustav: ograni\u010davaju\u0107e i\/ili poticajno okru\u017eenje&#8221; koja se odr\u017eavala 25. i 26. listopada u Zagrebu. Nena Vukeli\u0107 prezentirala je rad nastao u koautorstvu s izv.prof.dr.sc. Nenom Ron\u010devi\u0107 i Elenom Cvitkovi\u0107 pod nazivom\u00a0&#8220;Odr\u017eiva pona\u0161anja budu\u0107ih u\u010ditelja i nastavnika&#8221;.<\/p>\n","protected":false},"author":2,"featured_media":0,"comment_status":"closed","ping_status":"closed","sticky":false,"template":"","format":"standard","meta":[],"categories":[1],"tags":[],"_links":{"self":[{"href":"https:\/\/foror.uniri.hr\/index.php?rest_route=\/wp\/v2\/posts\/42"}],"collection":[{"href":"https:\/\/foror.uniri.hr\/index.php?rest_route=\/wp\/v2\/posts"}],"about":[{"href":"https:\/\/foror.uniri.hr\/index.php?rest_route=\/wp\/v2\/types\/post"}],"author":[{"embeddable":true,"href":"https:\/\/foror.uniri.hr\/index.php?rest_route=\/wp\/v2\/users\/2"}],"replies":[{"embeddable":true,"href":"https:\/\/foror.uniri.hr\/index.php?rest_route=%2Fwp%2Fv2%2Fcomments&post=42"}],"version-history":[{"count":3,"href":"https:\/\/foror.uniri.hr\/index.php?rest_route=\/wp\/v2\/posts\/42\/revisions"}],"predecessor-version":[{"id":107,"href":"https:\/\/foror.uniri.hr\/index.php?rest_route=\/wp\/v2\/posts\/42\/revisions\/107"}],"wp:attachment":[{"href":"https:\/\/foror.uniri.hr\/index.php?rest_route=%2Fwp%2Fv2%2Fmedia&parent=42"}],"wp:term":[{"taxonomy":"category","embeddable":true,"href":"https:\/\/foror.uniri.hr\/index.php?rest_route=%2Fwp%2Fv2%2Fcategories&post=42"},{"taxonomy":"post_tag","embeddable":true,"href":"https:\/\/foror.uniri.hr\/index.php?rest_route=%2Fwp%2Fv2%2Ftags&post=42"}],"curies":[{"name":"wp","href":"https:\/\/api.w.org\/{rel}","templated":true}]}}